{"id":7854,"date":"2019-11-26T08:00:29","date_gmt":"2019-11-26T07:00:29","guid":{"rendered":"https:\/\/www.ibi-systems.de\/?p=7854"},"modified":"2026-04-07T09:30:56","modified_gmt":"2026-04-07T07:30:56","slug":"anwendertage-2019","status":"publish","type":"post","link":"https:\/\/www.ibi-systems.de\/de\/2019\/11\/anwendertage-2019\/","title":{"rendered":"Anwendertage 2019"},"content":{"rendered":"\n<p>Die Anwendertage am 18. und 19. November 2019 unserer Software ibi systems iris waren gepr\u00e4gt von intensivem Austausch und spannenden Best-Practice-Vortr\u00e4gen unserer Kunden.<\/p>\n\n\n\n<p>Im Rahmen der Veranstaltung stellten wir am ersten Tag die neuen Features des Release 19\/R2 vor. Das sind neben einer Vielzahl von Neuentwicklungen unter anderem:<\/p>\n\n\n\n<ul class=\"wp-block-list\">\n<li>Dashboards<\/li>\n\n\n\n<li>Einf\u00fchrung von Fachbereichen<\/li>\n\n\n\n<li>Erweiterung des Excel basierten Imports von Pr\u00fcfungen<\/li>\n\n\n\n<li>Duplizierung und Versionierung von Pr\u00fcfvorlagen<\/li>\n<\/ul>\n\n\n\n<p>In den spannenden Best-Practices-Vortr\u00e4gen zu ausgew\u00e4hlten Use Cases mit ibi systems iris stand der praktische Erfahrungsaustausch \u00fcber die Vorgehensweisen und Anwendungsszenarien unserer Kunden mit ibi systems iris im Mittelpunkt. In einer moderierten Brainstormingrunde wurden auch wieder einige weitere Entwicklungsbedarfe identifiziert bevor der Tag mit einem gemeinsamen Abendessen in die Tapasbar Bodega ausklingen konnte.<\/p>\n\n\n\n<p>Am zweiten Tag der Veranstaltung fand eine Live-Demo der Features und Funktionen des neuen Release 19\/R2 mit anschlie\u00dfender Hands-on Experience statt. Nach dem Mittagessen ging es in inhaltlich gruppierten Einzelworkshops in kleineren Gruppen weiter. Hier wurde die M\u00f6glichkeit genutzt genauer auf die neuen Funktionen einzugehen und diese vor dem Hintergrund der individuellen Anwendungsfalls des Kunden zu diskutieren. <\/p>\n\n\n\n<p>Neben den Vortr\u00e4gen und  Diskussionsrunden blieb f\u00fcr unsere Kunden auch ausreichend Zeit bei entspannter Atmosph\u00e4re  mit Kaffee, Tee und Fingerfood in den Erfahrungsaustausch mit anderen  Anwendern unserer Software zu treten.<\/p>\n\n\n\n<h2 class=\"wp-block-heading\"><span style=\"font-size:large\"><strong>Agenda Tag 1 &#8211; 18. November 2019<\/strong><\/span><\/h2>\n\n\n\n<figure class=\"wp-block-table is-style-stripes\"><table><tbody><tr><td><strong>09:30 \u2013 10:15<\/strong><\/td><td>Check-in und Empfang bei Kaffee und Tee<\/td><\/tr><tr><td><strong>10:15 \u2013 10:30<\/strong><\/td><td><strong>Begr\u00fc\u00dfung und Vorstellung des neuen Beirats der ibi systems GmbH<\/strong><br \/>Dr. Stefan Wagner, Gesch\u00e4ftsf\u00fchrer, ibi systems GmbH <\/td><\/tr><tr><td><strong>10:30 \u2013 11:00<\/strong><\/td><td><strong>Risikoorientierte IT-Sicherheit &#8211; Jagd auf ein bewegliches Ziel<\/strong><br \/>Prof. Dr. Christoph Skornia, Ostbayerische Technische Hochschule <\/td><\/tr><tr><td><strong>11:00 \u2013 12:00<\/strong><\/td><td><strong>Vorstellung des Release 19\/R2 und Ausblick Roadmap 2020<\/strong><br \/>Dr. Christian Ritter, Senior Product Manager, ibi systems GmbH  <\/td><\/tr><tr><td><strong>12:00 \u2013 13:30<\/strong><\/td><td>Mittagessen<\/td><\/tr><tr><td><strong>13:30 \u2013 15:30<\/strong><\/td><td><strong>Vorstellung der Best-Practices unserer Kunden<\/strong><br \/>Stefan Miernik, Divisional Information Security Officer, Bertelsmann SE &amp; Co. KGaA<br \/>Marco Howorka, Integriertes Management System<\/td><\/tr><tr><td><strong>15:30 &#8211; 16:00<\/strong><\/td><td>Kaffeepause<\/td><\/tr><tr><td> <strong>16:00 &#8211; 17:00<\/strong> <\/td><td><strong>Brainstorming: iris heute \u2010 iris morgen<\/strong><br \/>Alle Teilnehmer  <\/td><\/tr><tr><td><strong>ab 18:30<\/strong><\/td><td>Gemeinsames Abendessen in der Tapasbar Bodega <\/td><\/tr><\/tbody><\/table><\/figure>\n\n\n\n<p><\/p>\n\n\n\n<h2 class=\"wp-block-heading\"><span style=\"font-size:large\"><strong>Agenda Tag 2 &#8211; 19. November 2019<\/strong><\/span><\/h2>\n\n\n\n<figure class=\"wp-block-table is-style-stripes\"><table><tbody><tr><td><strong>09:00 \u2013 09:15<\/strong><\/td><td>Empfang bei Kaffee und Tee<\/td><\/tr><tr><td><strong>09:15 \u2013 10:15<\/strong><\/td><td><strong>Live\u2010Demo zum Release 19\/R2<\/strong><br \/>Tobias Schaller, Senior Consultant, ibi systems GmbH<\/td><\/tr><tr><td><strong>10:15 \u2013 12:00<\/strong><\/td><td><strong>Hands-on Experience der neuen Features<\/strong><br \/>Alle Teilnehmer <\/td><\/tr><tr><td><strong>12:00 \u2013 13:00<\/strong><\/td><td>Mittagessen<\/td><\/tr><tr><td><strong>ab 13:00<\/strong><\/td><td>Verabschiedung bzw. Einzelworkshops nach individueller Vereinbarung  <\/td><\/tr><\/tbody><\/table><\/figure>\n\n\n\n<p><strong><a href=\"https:\/\/www.ibi-systems.de\/de\/blog\/\">Zur\u00fcck zur \u00dcbersicht<\/a><\/strong><\/p>\n<div class=\"shariff shariff-align-left shariff-widget-align-left\"><ul class=\"shariff-buttons theme-round orientation-horizontal buttonsize-medium\"><li class=\"shariff-button printer shariff-nocustomcolor\" style=\"background-color:#a8a8a8;border-radius:20%\"><a href=\"javascript:window.print()\" title=\"drucken\" aria-label=\"drucken\" role=\"button\" rel=\"noopener nofollow\" class=\"shariff-link\" style=\";border-radius:20%; background-color:#999; color:#fff\"><span class=\"shariff-icon\" style=\"\"><svg width=\"32px\" height=\"20px\" xmlns=\"http:\/\/www.w3.org\/2000\/svg\" viewBox=\"0 0 30 32\"><path fill=\"#999\" d=\"M6.8 27.4h16v-4.6h-16v4.6zM6.8 16h16v-6.8h-2.8q-0.7 0-1.2-0.5t-0.5-1.2v-2.8h-11.4v11.4zM27.4 17.2q0-0.5-0.3-0.8t-0.8-0.4-0.8 0.4-0.3 0.8 0.3 0.8 0.8 0.3 0.8-0.3 0.3-0.8zM29.7 17.2v7.4q0 0.2-0.2 0.4t-0.4 0.2h-4v2.8q0 0.7-0.5 1.2t-1.2 0.5h-17.2q-0.7 0-1.2-0.5t-0.5-1.2v-2.8h-4q-0.2 0-0.4-0.2t-0.2-0.4v-7.4q0-1.4 1-2.4t2.4-1h1.2v-9.7q0-0.7 0.5-1.2t1.2-0.5h12q0.7 0 1.6 0.4t1.3 0.8l2.7 2.7q0.5 0.5 0.9 1.4t0.4 1.6v4.6h1.1q1.4 0 2.4 1t1 2.4z\"\/><\/svg><\/span><\/a><\/li><li class=\"shariff-button mailto shariff-nocustomcolor\" style=\"background-color:#a8a8a8;border-radius:20%\"><a href=\"mailto:?body=https%3A%2F%2Fwww.ibi-systems.de%2Fde%2F2019%2F11%2Fanwendertage-2019%2F&subject=Anwendertage%202019\" title=\"Per E-Mail versenden\" aria-label=\"Per E-Mail versenden\" role=\"button\" rel=\"noopener nofollow\" class=\"shariff-link\" style=\";border-radius:20%; background-color:#999; color:#fff\"><span class=\"shariff-icon\" style=\"\"><svg width=\"32px\" height=\"20px\" xmlns=\"http:\/\/www.w3.org\/2000\/svg\" viewBox=\"0 0 32 32\"><path fill=\"#999\" d=\"M32 12.7v14.2q0 1.2-0.8 2t-2 0.9h-26.3q-1.2 0-2-0.9t-0.8-2v-14.2q0.8 0.9 1.8 1.6 6.5 4.4 8.9 6.1 1 0.8 1.6 1.2t1.7 0.9 2 0.4h0.1q0.9 0 2-0.4t1.7-0.9 1.6-1.2q3-2.2 8.9-6.1 1-0.7 1.8-1.6zM32 7.4q0 1.4-0.9 2.7t-2.2 2.2q-6.7 4.7-8.4 5.8-0.2 0.1-0.7 0.5t-1 0.7-0.9 0.6-1.1 0.5-0.9 0.2h-0.1q-0.4 0-0.9-0.2t-1.1-0.5-0.9-0.6-1-0.7-0.7-0.5q-1.6-1.1-4.7-3.2t-3.6-2.6q-1.1-0.7-2.1-2t-1-2.5q0-1.4 0.7-2.3t2.1-0.9h26.3q1.2 0 2 0.8t0.9 2z\"\/><\/svg><\/span><\/a><\/li><li class=\"shariff-button linkedin shariff-nocustomcolor\" style=\"background-color:#1488bf;border-radius:20%\"><a href=\"https:\/\/www.linkedin.com\/sharing\/share-offsite\/?url=https%3A%2F%2Fwww.ibi-systems.de%2Fde%2F2019%2F11%2Fanwendertage-2019%2F\" title=\"Bei LinkedIn teilen\" aria-label=\"Bei LinkedIn teilen\" role=\"button\" rel=\"noopener nofollow\" class=\"shariff-link\" style=\";border-radius:20%; background-color:#0077b5; color:#fff\" target=\"_blank\"><span class=\"shariff-icon\" style=\"\"><svg width=\"32px\" height=\"20px\" xmlns=\"http:\/\/www.w3.org\/2000\/svg\" viewBox=\"0 0 27 32\"><path fill=\"#0077b5\" d=\"M6.2 11.2v17.7h-5.9v-17.7h5.9zM6.6 5.7q0 1.3-0.9 2.2t-2.4 0.9h0q-1.5 0-2.4-0.9t-0.9-2.2 0.9-2.2 2.4-0.9 2.4 0.9 0.9 2.2zM27.4 18.7v10.1h-5.9v-9.5q0-1.9-0.7-2.9t-2.3-1.1q-1.1 0-1.9 0.6t-1.2 1.5q-0.2 0.5-0.2 1.4v9.9h-5.9q0-7.1 0-11.6t0-5.3l0-0.9h5.9v2.6h0q0.4-0.6 0.7-1t1-0.9 1.6-0.8 2-0.3q3 0 4.9 2t1.9 6z\"\/><\/svg><\/span><\/a><\/li><li class=\"shariff-button xing shariff-nocustomcolor\" style=\"background-color:#29888a;border-radius:20%\"><a href=\"https:\/\/www.xing.com\/spi\/shares\/new?url=https%3A%2F%2Fwww.ibi-systems.de%2Fde%2F2019%2F11%2Fanwendertage-2019%2F\" title=\"Bei XING teilen\" aria-label=\"Bei XING teilen\" role=\"button\" rel=\"noopener nofollow\" class=\"shariff-link\" style=\";border-radius:20%; background-color:#126567; color:#fff\" target=\"_blank\"><span class=\"shariff-icon\" style=\"\"><svg width=\"32px\" height=\"20px\" xmlns=\"http:\/\/www.w3.org\/2000\/svg\" viewBox=\"0 0 25 32\"><path fill=\"#126567\" d=\"M10.7 11.9q-0.2 0.3-4.6 8.2-0.5 0.8-1.2 0.8h-4.3q-0.4 0-0.5-0.3t0-0.6l4.5-8q0 0 0 0l-2.9-5q-0.2-0.4 0-0.7 0.2-0.3 0.5-0.3h4.3q0.7 0 1.2 0.8zM25.1 0.4q0.2 0.3 0 0.7l-9.4 16.7 6 11q0.2 0.4 0 0.6-0.2 0.3-0.6 0.3h-4.3q-0.7 0-1.2-0.8l-6-11.1q0.3-0.6 9.5-16.8 0.4-0.8 1.2-0.8h4.3q0.4 0 0.5 0.3z\"\/><\/svg><\/span><\/a><\/li><li class=\"shariff-button facebook shariff-nocustomcolor\" style=\"background-color:#4273c8;border-radius:20%\"><a href=\"https:\/\/www.facebook.com\/sharer\/sharer.php?u=https%3A%2F%2Fwww.ibi-systems.de%2Fde%2F2019%2F11%2Fanwendertage-2019%2F\" title=\"Bei Facebook teilen\" aria-label=\"Bei Facebook teilen\" role=\"button\" rel=\"nofollow\" class=\"shariff-link\" style=\";border-radius:20%; background-color:#3b5998; color:#fff\" target=\"_blank\"><span class=\"shariff-icon\" style=\"\"><svg width=\"32px\" height=\"20px\" xmlns=\"http:\/\/www.w3.org\/2000\/svg\" viewBox=\"0 0 18 32\"><path fill=\"#3b5998\" d=\"M17.1 0.2v4.7h-2.8q-1.5 0-2.1 0.6t-0.5 1.9v3.4h5.2l-0.7 5.3h-4.5v13.6h-5.5v-13.6h-4.5v-5.3h4.5v-3.9q0-3.3 1.9-5.2t5-1.8q2.6 0 4.1 0.2z\"\/><\/svg><\/span><\/a><\/li><li class=\"shariff-button twitter shariff-nocustomcolor\" style=\"background-color:#595959;border-radius:20%\"><a href=\"https:\/\/twitter.com\/share?url=https%3A%2F%2Fwww.ibi-systems.de%2Fde%2F2019%2F11%2Fanwendertage-2019%2F&text=Anwendertage%202019\" title=\"Bei X teilen\" aria-label=\"Bei X teilen\" role=\"button\" rel=\"noopener nofollow\" class=\"shariff-link\" style=\";border-radius:20%; background-color:#000; color:#fff\" target=\"_blank\"><span class=\"shariff-icon\" style=\"\"><svg width=\"32px\" height=\"20px\" xmlns=\"http:\/\/www.w3.org\/2000\/svg\" viewBox=\"0 0 24 24\"><path fill=\"#000\" d=\"M14.258 10.152L23.176 0h-2.113l-7.747 8.813L7.133 0H0l9.352 13.328L0 23.973h2.113l8.176-9.309 6.531 9.309h7.133zm-2.895 3.293l-.949-1.328L2.875 1.56h3.246l6.086 8.523.945 1.328 7.91 11.078h-3.246zm0 0\"\/><\/svg><\/span><\/a><\/li><\/ul><\/div>","protected":false},"excerpt":{"rendered":"<p>Die Anwendertage am 18. und 19. November 2019 unserer Software ibi systems iris waren gepr\u00e4gt von intensivem Austausch und spannenden Best-Practice-Vortr\u00e4gen unserer Kunden. Im Rahmen der Veranstaltung stellten wir am ersten Tag die neuen Features des Release 19\/R2 vor. Das sind neben einer Vielzahl von Neuentwicklungen unter anderem: In den spannenden Best-Practices-Vortr\u00e4gen zu ausgew\u00e4hlten Use [&hellip;]<\/p>\n","protected":false},"author":2,"featured_media":10353,"comment_status":"closed","ping_status":"open","sticky":false,"template":"","format":"standard","meta":{"footnotes":""},"categories":[8,12],"tags":[],"class_list":["post-7854","post","type-post","status-publish","format-standard","has-post-thumbnail","hentry","category-releases","category-veranstaltungen"],"yoast_head":"<!-- This site is optimized with the Yoast SEO Premium plugin v26.9 (Yoast SEO v27.5) - https:\/\/yoast.com\/product\/yoast-seo-premium-wordpress\/ -->\n<title>Anwendertage 2019 - ibi systems GmbH<\/title>\n<meta name=\"description\" content=\"Die Anwendertage am 18. und 19. November 2019 waren gepr\u00e4gt von intensivem Austausch und spannenden Best-Practice-Vortr\u00e4gen unserer Kunden.\" \/>\n<meta name=\"robots\" content=\"index, follow, max-snippet:-1, max-image-preview:large, max-video-preview:-1\" \/>\n<link rel=\"canonical\" href=\"https:\/\/www.ibi-systems.de\/de\/2019\/11\/anwendertage-2019\/\" \/>\n<meta property=\"og:locale\" content=\"de_DE\" \/>\n<meta property=\"og:type\" content=\"article\" \/>\n<meta property=\"og:title\" content=\"Anwendertage 2019\" \/>\n<meta property=\"og:description\" content=\"Die Anwendertage am 18. und 19. November 2019 waren gepr\u00e4gt von intensivem Austausch und spannenden Best-Practice-Vortr\u00e4gen unserer Kunden.\" \/>\n<meta property=\"og:url\" content=\"https:\/\/www.ibi-systems.de\/de\/2019\/11\/anwendertage-2019\/\" \/>\n<meta property=\"og:site_name\" content=\"ibi systems GmbH\" \/>\n<meta property=\"article:publisher\" content=\"https:\/\/www.facebook.com\/ibisystems\/\" \/>\n<meta property=\"article:published_time\" content=\"2019-11-26T07:00:29+00:00\" \/>\n<meta property=\"article:modified_time\" content=\"2026-04-07T07:30:56+00:00\" \/>\n<meta property=\"og:image\" content=\"https:\/\/www.ibi-systems.de\/wp-content\/uploads\/2019\/11\/Release-19R2-1.png\" \/>\n\t<meta property=\"og:image:width\" content=\"1600\" \/>\n\t<meta property=\"og:image:height\" content=\"811\" \/>\n\t<meta property=\"og:image:type\" content=\"image\/png\" \/>\n<meta name=\"author\" content=\"Teresa Geiger\" \/>\n<meta name=\"twitter:card\" content=\"summary_large_image\" \/>\n<meta name=\"twitter:creator\" content=\"@ibi_systems\" \/>\n<meta name=\"twitter:site\" content=\"@ibi_systems\" \/>\n<meta name=\"twitter:label1\" content=\"Verfasst von\" \/>\n\t<meta name=\"twitter:data1\" content=\"Teresa Geiger\" \/>\n\t<meta name=\"twitter:label2\" content=\"Gesch\u00e4tzte Lesezeit\" \/>\n\t<meta name=\"twitter:data2\" content=\"3\u00a0Minuten\" \/>\n<script type=\"application\/ld+json\" class=\"yoast-schema-graph\">{\"@context\":\"https:\\\/\\\/schema.org\",\"@graph\":[{\"@type\":\"Article\",\"@id\":\"https:\\\/\\\/www.ibi-systems.de\\\/de\\\/2019\\\/11\\\/anwendertage-2019\\\/#article\",\"isPartOf\":{\"@id\":\"https:\\\/\\\/www.ibi-systems.de\\\/de\\\/2019\\\/11\\\/anwendertage-2019\\\/\"},\"author\":{\"name\":\"Teresa Geiger\",\"@id\":\"https:\\\/\\\/www.ibi-systems.de\\\/de\\\/#\\\/schema\\\/person\\\/b20db905ae0c6bfb278b2278ed327691\"},\"headline\":\"Anwendertage 2019\",\"datePublished\":\"2019-11-26T07:00:29+00:00\",\"dateModified\":\"2026-04-07T07:30:56+00:00\",\"mainEntityOfPage\":{\"@id\":\"https:\\\/\\\/www.ibi-systems.de\\\/de\\\/2019\\\/11\\\/anwendertage-2019\\\/\"},\"wordCount\":354,\"image\":{\"@id\":\"https:\\\/\\\/www.ibi-systems.de\\\/de\\\/2019\\\/11\\\/anwendertage-2019\\\/#primaryimage\"},\"thumbnailUrl\":\"https:\\\/\\\/www.ibi-systems.de\\\/wp-content\\\/uploads\\\/2019\\\/11\\\/Release-19R2-1.png\",\"articleSection\":[\"Releases\",\"Veranstaltungen\"],\"inLanguage\":\"de\"},{\"@type\":\"WebPage\",\"@id\":\"https:\\\/\\\/www.ibi-systems.de\\\/de\\\/2019\\\/11\\\/anwendertage-2019\\\/\",\"url\":\"https:\\\/\\\/www.ibi-systems.de\\\/de\\\/2019\\\/11\\\/anwendertage-2019\\\/\",\"name\":\"Anwendertage 2019 - ibi systems GmbH\",\"isPartOf\":{\"@id\":\"https:\\\/\\\/www.ibi-systems.de\\\/de\\\/#website\"},\"primaryImageOfPage\":{\"@id\":\"https:\\\/\\\/www.ibi-systems.de\\\/de\\\/2019\\\/11\\\/anwendertage-2019\\\/#primaryimage\"},\"image\":{\"@id\":\"https:\\\/\\\/www.ibi-systems.de\\\/de\\\/2019\\\/11\\\/anwendertage-2019\\\/#primaryimage\"},\"thumbnailUrl\":\"https:\\\/\\\/www.ibi-systems.de\\\/wp-content\\\/uploads\\\/2019\\\/11\\\/Release-19R2-1.png\",\"datePublished\":\"2019-11-26T07:00:29+00:00\",\"dateModified\":\"2026-04-07T07:30:56+00:00\",\"author\":{\"@id\":\"https:\\\/\\\/www.ibi-systems.de\\\/de\\\/#\\\/schema\\\/person\\\/b20db905ae0c6bfb278b2278ed327691\"},\"description\":\"Die Anwendertage am 18. und 19. November 2019 waren gepr\u00e4gt von intensivem Austausch und spannenden Best-Practice-Vortr\u00e4gen unserer Kunden.\",\"breadcrumb\":{\"@id\":\"https:\\\/\\\/www.ibi-systems.de\\\/de\\\/2019\\\/11\\\/anwendertage-2019\\\/#breadcrumb\"},\"inLanguage\":\"de\",\"potentialAction\":[{\"@type\":\"ReadAction\",\"target\":[\"https:\\\/\\\/www.ibi-systems.de\\\/de\\\/2019\\\/11\\\/anwendertage-2019\\\/\"]}]},{\"@type\":\"ImageObject\",\"inLanguage\":\"de\",\"@id\":\"https:\\\/\\\/www.ibi-systems.de\\\/de\\\/2019\\\/11\\\/anwendertage-2019\\\/#primaryimage\",\"url\":\"https:\\\/\\\/www.ibi-systems.de\\\/wp-content\\\/uploads\\\/2019\\\/11\\\/Release-19R2-1.png\",\"contentUrl\":\"https:\\\/\\\/www.ibi-systems.de\\\/wp-content\\\/uploads\\\/2019\\\/11\\\/Release-19R2-1.png\",\"width\":1600,\"height\":811,\"caption\":\"Anwendertage 2019\"},{\"@type\":\"BreadcrumbList\",\"@id\":\"https:\\\/\\\/www.ibi-systems.de\\\/de\\\/2019\\\/11\\\/anwendertage-2019\\\/#breadcrumb\",\"itemListElement\":[{\"@type\":\"ListItem\",\"position\":1,\"name\":\"Startseite\",\"item\":\"https:\\\/\\\/www.ibi-systems.de\\\/de\\\/home-2\\\/\"},{\"@type\":\"ListItem\",\"position\":2,\"name\":\"Anwendertage 2019\"}]},{\"@type\":\"WebSite\",\"@id\":\"https:\\\/\\\/www.ibi-systems.de\\\/de\\\/#website\",\"url\":\"https:\\\/\\\/www.ibi-systems.de\\\/de\\\/\",\"name\":\"ibi systems GmbH\",\"description\":\"ISMS, GRC, RegTech und InsurTech - Software und Beratung\",\"potentialAction\":[{\"@type\":\"SearchAction\",\"target\":{\"@type\":\"EntryPoint\",\"urlTemplate\":\"https:\\\/\\\/www.ibi-systems.de\\\/de\\\/?s={search_term_string}\"},\"query-input\":{\"@type\":\"PropertyValueSpecification\",\"valueRequired\":true,\"valueName\":\"search_term_string\"}}],\"inLanguage\":\"de\"},{\"@type\":\"Person\",\"@id\":\"https:\\\/\\\/www.ibi-systems.de\\\/de\\\/#\\\/schema\\\/person\\\/b20db905ae0c6bfb278b2278ed327691\",\"name\":\"Teresa Geiger\",\"image\":{\"@type\":\"ImageObject\",\"inLanguage\":\"de\",\"@id\":\"https:\\\/\\\/secure.gravatar.com\\\/avatar\\\/fa2cc53a7254c3232b9299de630b6ee4e179850b50c37f1b76ba3481aef8b872?s=96&d=retro&r=g\",\"url\":\"https:\\\/\\\/secure.gravatar.com\\\/avatar\\\/fa2cc53a7254c3232b9299de630b6ee4e179850b50c37f1b76ba3481aef8b872?s=96&d=retro&r=g\",\"contentUrl\":\"https:\\\/\\\/secure.gravatar.com\\\/avatar\\\/fa2cc53a7254c3232b9299de630b6ee4e179850b50c37f1b76ba3481aef8b872?s=96&d=retro&r=g\",\"caption\":\"Teresa Geiger\"}}]}<\/script>\n<!-- \/ Yoast SEO Premium plugin. -->","yoast_head_json":{"title":"Anwendertage 2019 - ibi systems GmbH","description":"Die Anwendertage am 18. und 19. November 2019 waren gepr\u00e4gt von intensivem Austausch und spannenden Best-Practice-Vortr\u00e4gen unserer Kunden.","robots":{"index":"index","follow":"follow","max-snippet":"max-snippet:-1","max-image-preview":"max-image-preview:large","max-video-preview":"max-video-preview:-1"},"canonical":"https:\/\/www.ibi-systems.de\/de\/2019\/11\/anwendertage-2019\/","og_locale":"de_DE","og_type":"article","og_title":"Anwendertage 2019","og_description":"Die Anwendertage am 18. und 19. November 2019 waren gepr\u00e4gt von intensivem Austausch und spannenden Best-Practice-Vortr\u00e4gen unserer Kunden.","og_url":"https:\/\/www.ibi-systems.de\/de\/2019\/11\/anwendertage-2019\/","og_site_name":"ibi systems GmbH","article_publisher":"https:\/\/www.facebook.com\/ibisystems\/","article_published_time":"2019-11-26T07:00:29+00:00","article_modified_time":"2026-04-07T07:30:56+00:00","og_image":[{"width":1600,"height":811,"url":"https:\/\/www.ibi-systems.de\/wp-content\/uploads\/2019\/11\/Release-19R2-1.png","type":"image\/png"}],"author":"Teresa Geiger","twitter_card":"summary_large_image","twitter_creator":"@ibi_systems","twitter_site":"@ibi_systems","twitter_misc":{"Verfasst von":"Teresa Geiger","Gesch\u00e4tzte Lesezeit":"3\u00a0Minuten"},"schema":{"@context":"https:\/\/schema.org","@graph":[{"@type":"Article","@id":"https:\/\/www.ibi-systems.de\/de\/2019\/11\/anwendertage-2019\/#article","isPartOf":{"@id":"https:\/\/www.ibi-systems.de\/de\/2019\/11\/anwendertage-2019\/"},"author":{"name":"Teresa Geiger","@id":"https:\/\/www.ibi-systems.de\/de\/#\/schema\/person\/b20db905ae0c6bfb278b2278ed327691"},"headline":"Anwendertage 2019","datePublished":"2019-11-26T07:00:29+00:00","dateModified":"2026-04-07T07:30:56+00:00","mainEntityOfPage":{"@id":"https:\/\/www.ibi-systems.de\/de\/2019\/11\/anwendertage-2019\/"},"wordCount":354,"image":{"@id":"https:\/\/www.ibi-systems.de\/de\/2019\/11\/anwendertage-2019\/#primaryimage"},"thumbnailUrl":"https:\/\/www.ibi-systems.de\/wp-content\/uploads\/2019\/11\/Release-19R2-1.png","articleSection":["Releases","Veranstaltungen"],"inLanguage":"de"},{"@type":"WebPage","@id":"https:\/\/www.ibi-systems.de\/de\/2019\/11\/anwendertage-2019\/","url":"https:\/\/www.ibi-systems.de\/de\/2019\/11\/anwendertage-2019\/","name":"Anwendertage 2019 - ibi systems GmbH","isPartOf":{"@id":"https:\/\/www.ibi-systems.de\/de\/#website"},"primaryImageOfPage":{"@id":"https:\/\/www.ibi-systems.de\/de\/2019\/11\/anwendertage-2019\/#primaryimage"},"image":{"@id":"https:\/\/www.ibi-systems.de\/de\/2019\/11\/anwendertage-2019\/#primaryimage"},"thumbnailUrl":"https:\/\/www.ibi-systems.de\/wp-content\/uploads\/2019\/11\/Release-19R2-1.png","datePublished":"2019-11-26T07:00:29+00:00","dateModified":"2026-04-07T07:30:56+00:00","author":{"@id":"https:\/\/www.ibi-systems.de\/de\/#\/schema\/person\/b20db905ae0c6bfb278b2278ed327691"},"description":"Die Anwendertage am 18. und 19. November 2019 waren gepr\u00e4gt von intensivem Austausch und spannenden Best-Practice-Vortr\u00e4gen unserer Kunden.","breadcrumb":{"@id":"https:\/\/www.ibi-systems.de\/de\/2019\/11\/anwendertage-2019\/#breadcrumb"},"inLanguage":"de","potentialAction":[{"@type":"ReadAction","target":["https:\/\/www.ibi-systems.de\/de\/2019\/11\/anwendertage-2019\/"]}]},{"@type":"ImageObject","inLanguage":"de","@id":"https:\/\/www.ibi-systems.de\/de\/2019\/11\/anwendertage-2019\/#primaryimage","url":"https:\/\/www.ibi-systems.de\/wp-content\/uploads\/2019\/11\/Release-19R2-1.png","contentUrl":"https:\/\/www.ibi-systems.de\/wp-content\/uploads\/2019\/11\/Release-19R2-1.png","width":1600,"height":811,"caption":"Anwendertage 2019"},{"@type":"BreadcrumbList","@id":"https:\/\/www.ibi-systems.de\/de\/2019\/11\/anwendertage-2019\/#breadcrumb","itemListElement":[{"@type":"ListItem","position":1,"name":"Startseite","item":"https:\/\/www.ibi-systems.de\/de\/home-2\/"},{"@type":"ListItem","position":2,"name":"Anwendertage 2019"}]},{"@type":"WebSite","@id":"https:\/\/www.ibi-systems.de\/de\/#website","url":"https:\/\/www.ibi-systems.de\/de\/","name":"ibi systems GmbH","description":"ISMS, GRC, RegTech und InsurTech - Software und Beratung","potentialAction":[{"@type":"SearchAction","target":{"@type":"EntryPoint","urlTemplate":"https:\/\/www.ibi-systems.de\/de\/?s={search_term_string}"},"query-input":{"@type":"PropertyValueSpecification","valueRequired":true,"valueName":"search_term_string"}}],"inLanguage":"de"},{"@type":"Person","@id":"https:\/\/www.ibi-systems.de\/de\/#\/schema\/person\/b20db905ae0c6bfb278b2278ed327691","name":"Teresa Geiger","image":{"@type":"ImageObject","inLanguage":"de","@id":"https:\/\/secure.gravatar.com\/avatar\/fa2cc53a7254c3232b9299de630b6ee4e179850b50c37f1b76ba3481aef8b872?s=96&d=retro&r=g","url":"https:\/\/secure.gravatar.com\/avatar\/fa2cc53a7254c3232b9299de630b6ee4e179850b50c37f1b76ba3481aef8b872?s=96&d=retro&r=g","contentUrl":"https:\/\/secure.gravatar.com\/avatar\/fa2cc53a7254c3232b9299de630b6ee4e179850b50c37f1b76ba3481aef8b872?s=96&d=retro&r=g","caption":"Teresa Geiger"}}]}},"_links":{"self":[{"href":"https:\/\/www.ibi-systems.de\/de\/wp-json\/wp\/v2\/posts\/7854","targetHints":{"allow":["GET"]}}],"collection":[{"href":"https:\/\/www.ibi-systems.de\/de\/wp-json\/wp\/v2\/posts"}],"about":[{"href":"https:\/\/www.ibi-systems.de\/de\/wp-json\/wp\/v2\/types\/post"}],"author":[{"embeddable":true,"href":"https:\/\/www.ibi-systems.de\/de\/wp-json\/wp\/v2\/users\/2"}],"replies":[{"embeddable":true,"href":"https:\/\/www.ibi-systems.de\/de\/wp-json\/wp\/v2\/comments?post=7854"}],"version-history":[{"count":1,"href":"https:\/\/www.ibi-systems.de\/de\/wp-json\/wp\/v2\/posts\/7854\/revisions"}],"predecessor-version":[{"id":16473,"href":"https:\/\/www.ibi-systems.de\/de\/wp-json\/wp\/v2\/posts\/7854\/revisions\/16473"}],"wp:featuredmedia":[{"embeddable":true,"href":"https:\/\/www.ibi-systems.de\/de\/wp-json\/wp\/v2\/media\/10353"}],"wp:attachment":[{"href":"https:\/\/www.ibi-systems.de\/de\/wp-json\/wp\/v2\/media?parent=7854"}],"wp:term":[{"taxonomy":"category","embeddable":true,"href":"https:\/\/www.ibi-systems.de\/de\/wp-json\/wp\/v2\/categories?post=7854"},{"taxonomy":"post_tag","embeddable":true,"href":"https:\/\/www.ibi-systems.de\/de\/wp-json\/wp\/v2\/tags?post=7854"}],"curies":[{"name":"wp","href":"https:\/\/api.w.org\/{rel}","templated":true}]}}