{"id":13689,"date":"2023-11-07T13:48:12","date_gmt":"2023-11-07T12:48:12","guid":{"rendered":"https:\/\/www.ibi-systems.de\/?p=13689"},"modified":"2026-04-07T09:30:08","modified_gmt":"2026-04-07T07:30:08","slug":"anwendertag-2023","status":"publish","type":"post","link":"https:\/\/www.ibi-systems.de\/de\/2023\/11\/anwendertag-2023\/","title":{"rendered":"Anwendertag 2023"},"content":{"rendered":"\n<p>Am 19. Oktober 2023 trafen wir uns mit unseren Kunden und Partnern endlich wieder vor Ort bei uns in Regensburg zum ibi systems iris Anwendertag. Der perfekte Auftakt f\u00fcr das Event fand bereits am Vorabend mit einem gem\u00fctlichen Meet and Grill in unserem neuen B\u00fcrogeb\u00e4ude statt. Tags darauf folgten eine interessante Keynote sowie spannende Kunden- und Partnervortr\u00e4ge zu aktuellen Use Cases und Best Practices. Dabei stand vor allem der Erfahrungsaustausch \u00fcber die Einsatzszenarien der verschiedenen ibi systems iris Nutzergruppen im Mittelpunkt. Ein Ausblick auf die Zukunft unserer Software rundete die Veranstaltung ab.<\/p>\n\n\n\n<figure class=\"wp-block-image size-full\"><img decoding=\"async\" src=\"https:\/\/www.ibi-systems.de\/wp-content\/uploads\/2023\/11\/Anwendertag-2023_ibi-systems-iris.png\" alt=\"\" class=\"wp-image-13769\"\/><\/figure>\n\n\n\n<h2><span style=\"font-size:large\"><strong>Agenda<\/strong><\/span><\/h2>\n\n\n\n<figure class=\"wp-block-table is-style-stripes\"><table><tbody><tr><td><strong>08:30 \u2013 09:00<\/strong><\/td><td class=\"has-text-align-left\" data-align=\"left\"><strong>Check-in und Empfang in der TechBase Regensburg<\/strong><\/td><\/tr><tr><td><strong>09:00 \u2013<\/strong> <strong>09:15<\/strong><\/td><td class=\"has-text-align-left\" data-align=\"left\"><strong>Begr\u00fc\u00dfung und Vorstellung des Tagesablaufs<br><\/strong>Dr. Stefan Wagner und Pascal Jonietz, Gesch\u00e4ftsf\u00fchrer, ibi systems GmbH<\/td><\/tr><tr><td><strong>09:15 \u2013 10:00<\/strong><\/td><td class=\"has-text-align-left\" data-align=\"left\"><strong>Keynote<br><\/strong>Stefan Minack, ISB, ibi systems GmbH<\/td><\/tr><tr><td><strong>10:00 \u2013 10:15<\/strong><\/td><td class=\"has-text-align-left\" data-align=\"left\">Kaffeepause<\/td><\/tr><tr><td><strong>10:15 \u2013 11:00<\/strong><\/td><td class=\"has-text-align-left\" data-align=\"left\"><strong>Konzeption und Aufbau Informationsverbund toolbasiert mittels ibi systems iris<\/strong><br>Konrad H\u00e4uslmeier, Informationssicherheitsbeauftragter (ISB), Bayerische Beamten Lebensversicherung a.G.<\/td><\/tr><tr><td><strong>11:00 \u2013 11:45<\/strong><\/td><td class=\"has-text-align-left\" data-align=\"left\"><strong>Process under control<\/strong> <br>Marco Howorka, Integriertes Management System<\/td><\/tr><tr><td><strong>11:45 \u2013 13:15<\/strong><\/td><td class=\"has-text-align-left\" data-align=\"left\">Mittagspause<\/td><\/tr><tr><td><strong>13:15 \u2013 14:00<\/strong><\/td><td class=\"has-text-align-left\" data-align=\"left\"><strong>Lieferantenpr\u00fcfung in iris<\/strong><br>Alexander W\u00f6rl, Senior Information Security Consultant, metafinanz Informationssysteme GmbH<\/td><\/tr><tr><td><strong>14:00 \u2013 15:00<\/strong><\/td><td class=\"has-text-align-left\" data-align=\"left\"><strong>ibi systems iris &#8211; Ein gemeinsamer Blick in die Zukunft<\/strong><br>Stefan Fr\u00f6hlich, Head of Software Development, ibi systems GmbH<\/td><\/tr><\/tbody><\/table><\/figure>\n\n\n\n<h2><span style=\"font-size:large\"><strong>Interviews zu Use Cases mit ibi systems iris<\/strong><\/span><\/h2>\n\n\n\n<p>Im Folgenden sehen Sie zwei Interviews mit iris-Nutzern, die \u00fcber ihre Gr\u00fcnde f\u00fcr die Einf\u00fchrung der Software sowie ihren Anwendungsfall und m\u00f6gliche zuk\u00fcnftige Anwendungsszenarien berichten.<\/p>\n\n\n\n<p>Hier geht es zum Interview mit Konrad H\u00e4uslmeier, Bayerische Beamten Lebensversicherung a.G.: <a href=\"https:\/\/youtu.be\/Wj5adrSFGoM?si=smm2uhpr8eOpzeTL\"><a href=\"https:\/\/youtu.be\/Wj5adrSFGoM?si=smm2uhpr8eOpzeTL\" target=\"_blank\" rel=\"noreferrer noopener\">https:\/\/youtu.be\/Wj5adrSFGoM?si=smm2uhpr8eOpzeTL<\/a><\/a> (Weiterleitung zu YouTube)<\/p>\n\n\n\n<p>Der Informationssicherheitsbeauftragte der Bayerischen Beamten Lebensversicherung a.G., Konrad H\u00e4uslmeier, berichtet, dass sie zu ibi systems iris kamen, da ein GRC-Tool gesucht wurde, um unterschiedliche Sichtweisen (Informationssicherheit, Datenschutz und BCM\/BIA) abzubilden. Das wesentliche Ziel ist die Abbildung des Informationsverbunds in dem GRC-Tool. Hierf\u00fcr wurde mit der Unterst\u00fctzung durch die Berater der ibi systems GmbH das Datenmodell entwickelt, um diese Informationen dann in ibi systems iris darzustellen. Dies hat zum jetzigen Stand bereits sehr gut funktioniert. Nachdem das Thema der Informationssicherheit nun in ibi systems iris abgebildet ist, wird als n\u00e4chstes die Integration des Verarbeitungsverzeichnisses im Datenschutz und danach auch der BIA in ibi systems iris, statt wie bisher in Excel, ein Thema sein.<\/p>\n\n\n\n<p>Hier geht es zum Interview mit Alexander W\u00f6rl, metafinanz Informationssysteme GmbH: <a href=\"https:\/\/youtu.be\/9dWymEq4g7I?si=lSvGXcE7HxoVfMbw\" target=\"_blank\" rel=\"noreferrer noopener\">https:\/\/youtu.be\/9dWymEq4g7I?si=lSvGXcE7HxoVfMbw<\/a> (Weiterleitung zu YouTube)<\/p>\n\n\n\n<p>Alexander W\u00f6rl, Senior Information Security Consultant der metafinanz Informationssysteme GmbH, einem Partner der ibi systems GmbH, erl\u00e4utert, dass die Software bei vielen Beratungsprojekten gemeinsam mit ihren Kunden genutzt wird, um beim Aufbau eines ISMS direkt von Anfang an mit einem Tool zu starten oder die bestehende Excel-Landschaft effizient zu ersetzen. ibi systems iris unterst\u00fctzt dabei sowohl sie selbst bei der Beratung der Kunden als auch die Kunden beim effizienten Management ihres ISMS. Die Unterst\u00fctzung erfolgt u.a. dadurch, dass Risiken effizient verwaltet werden k\u00f6nnen, \u00fcbersichtlich sind und auch jederzeit Benachrichtigungen m\u00f6glich sind. Au\u00dferdem unterst\u00fctzt ibi systems iris bei der Auswertung der KPIs und dem Erfassen des Informationsverbunds, um die richtigen Ma\u00dfnahmen zu treffen. Aktuell wird bei einigen Kunden eine Lieferantenpr\u00fcfung mithilfe von ibi systems iris aufgebaut, wof\u00fcr sie \u00fcber die bestehende Pr\u00fcfungsfunktionalit\u00e4t individuell gestaltbare Pr\u00fcfvorlagen erstellen k\u00f6nnen. Hilfreich w\u00e4re hierf\u00fcr zuk\u00fcnftig noch eine Web-Schnittstelle, in der Lieferanten \u00fcber eine Web-Anwendung direkt die Frageb\u00f6gen beantworten k\u00f6nnen, so dass der iris-Export in eine Excel-Datei und das Zuschicken dieser an Kunden umgangen werden kann.<\/p>\n\n\n<p>&nbsp;<\/p>\n<div  class='av_promobox av-40c2i4-bd76b5d3d7439c603069cd64b47ea3aa avia-button-yes  avia-builder-el-0  avia-builder-el-no-sibling '><div class='avia-promocontent'><p>\nHaben wir Ihr Interesse geweckt?<\/p>\n<\/div><div  class='avia-button-wrap av-40c2i4-3b7d587830ab56290d47e09542f9126d-wrap avia-button-right '><a href='\/kontakt\/'  class='avia-button av-40c2i4-3b7d587830ab56290d47e09542f9126d av-link-btn avia-icon_select-no avia-size-large avia-position-right avia-color-theme-color'   aria-label=\"Kontaktieren Sie uns!\"><span class='avia_iconbox_title' >Kontaktieren Sie uns!<\/span><\/a><\/div><\/div>\n<p>&nbsp;<\/p>\n\n\n\n<p><strong><a href=\"https:\/\/www.ibi-systems.de\/de\/blog\/\">Zur\u00fcck zur \u00dcbersicht<\/a><\/strong><\/p>\n\n\n\n<p>_____________________<\/p>\n<div class=\"shariff shariff-align-left shariff-widget-align-left\"><ul class=\"shariff-buttons theme-round orientation-horizontal buttonsize-medium\"><li class=\"shariff-button printer shariff-nocustomcolor\" style=\"background-color:#a8a8a8;border-radius:20%\"><a href=\"javascript:window.print()\" title=\"drucken\" aria-label=\"drucken\" role=\"button\" rel=\"noopener nofollow\" class=\"shariff-link\" style=\";border-radius:20%; background-color:#999; color:#fff\"><span class=\"shariff-icon\" style=\"\"><svg width=\"32px\" height=\"20px\" xmlns=\"http:\/\/www.w3.org\/2000\/svg\" viewBox=\"0 0 30 32\"><path fill=\"#999\" d=\"M6.8 27.4h16v-4.6h-16v4.6zM6.8 16h16v-6.8h-2.8q-0.7 0-1.2-0.5t-0.5-1.2v-2.8h-11.4v11.4zM27.4 17.2q0-0.5-0.3-0.8t-0.8-0.4-0.8 0.4-0.3 0.8 0.3 0.8 0.8 0.3 0.8-0.3 0.3-0.8zM29.7 17.2v7.4q0 0.2-0.2 0.4t-0.4 0.2h-4v2.8q0 0.7-0.5 1.2t-1.2 0.5h-17.2q-0.7 0-1.2-0.5t-0.5-1.2v-2.8h-4q-0.2 0-0.4-0.2t-0.2-0.4v-7.4q0-1.4 1-2.4t2.4-1h1.2v-9.7q0-0.7 0.5-1.2t1.2-0.5h12q0.7 0 1.6 0.4t1.3 0.8l2.7 2.7q0.5 0.5 0.9 1.4t0.4 1.6v4.6h1.1q1.4 0 2.4 1t1 2.4z\"\/><\/svg><\/span><\/a><\/li><li class=\"shariff-button mailto shariff-nocustomcolor\" style=\"background-color:#a8a8a8;border-radius:20%\"><a href=\"mailto:?body=https%3A%2F%2Fwww.ibi-systems.de%2Fde%2F2023%2F11%2Fanwendertag-2023%2F&subject=Anwendertag%202023\" title=\"Per E-Mail versenden\" aria-label=\"Per E-Mail versenden\" role=\"button\" rel=\"noopener nofollow\" class=\"shariff-link\" style=\";border-radius:20%; background-color:#999; color:#fff\"><span class=\"shariff-icon\" style=\"\"><svg width=\"32px\" height=\"20px\" xmlns=\"http:\/\/www.w3.org\/2000\/svg\" viewBox=\"0 0 32 32\"><path fill=\"#999\" d=\"M32 12.7v14.2q0 1.2-0.8 2t-2 0.9h-26.3q-1.2 0-2-0.9t-0.8-2v-14.2q0.8 0.9 1.8 1.6 6.5 4.4 8.9 6.1 1 0.8 1.6 1.2t1.7 0.9 2 0.4h0.1q0.9 0 2-0.4t1.7-0.9 1.6-1.2q3-2.2 8.9-6.1 1-0.7 1.8-1.6zM32 7.4q0 1.4-0.9 2.7t-2.2 2.2q-6.7 4.7-8.4 5.8-0.2 0.1-0.7 0.5t-1 0.7-0.9 0.6-1.1 0.5-0.9 0.2h-0.1q-0.4 0-0.9-0.2t-1.1-0.5-0.9-0.6-1-0.7-0.7-0.5q-1.6-1.1-4.7-3.2t-3.6-2.6q-1.1-0.7-2.1-2t-1-2.5q0-1.4 0.7-2.3t2.1-0.9h26.3q1.2 0 2 0.8t0.9 2z\"\/><\/svg><\/span><\/a><\/li><li class=\"shariff-button linkedin shariff-nocustomcolor\" style=\"background-color:#1488bf;border-radius:20%\"><a href=\"https:\/\/www.linkedin.com\/sharing\/share-offsite\/?url=https%3A%2F%2Fwww.ibi-systems.de%2Fde%2F2023%2F11%2Fanwendertag-2023%2F\" title=\"Bei LinkedIn teilen\" aria-label=\"Bei LinkedIn teilen\" role=\"button\" rel=\"noopener nofollow\" class=\"shariff-link\" style=\";border-radius:20%; background-color:#0077b5; color:#fff\" target=\"_blank\"><span class=\"shariff-icon\" style=\"\"><svg width=\"32px\" height=\"20px\" xmlns=\"http:\/\/www.w3.org\/2000\/svg\" viewBox=\"0 0 27 32\"><path fill=\"#0077b5\" d=\"M6.2 11.2v17.7h-5.9v-17.7h5.9zM6.6 5.7q0 1.3-0.9 2.2t-2.4 0.9h0q-1.5 0-2.4-0.9t-0.9-2.2 0.9-2.2 2.4-0.9 2.4 0.9 0.9 2.2zM27.4 18.7v10.1h-5.9v-9.5q0-1.9-0.7-2.9t-2.3-1.1q-1.1 0-1.9 0.6t-1.2 1.5q-0.2 0.5-0.2 1.4v9.9h-5.9q0-7.1 0-11.6t0-5.3l0-0.9h5.9v2.6h0q0.4-0.6 0.7-1t1-0.9 1.6-0.8 2-0.3q3 0 4.9 2t1.9 6z\"\/><\/svg><\/span><\/a><\/li><li class=\"shariff-button xing shariff-nocustomcolor\" style=\"background-color:#29888a;border-radius:20%\"><a href=\"https:\/\/www.xing.com\/spi\/shares\/new?url=https%3A%2F%2Fwww.ibi-systems.de%2Fde%2F2023%2F11%2Fanwendertag-2023%2F\" title=\"Bei XING teilen\" aria-label=\"Bei XING teilen\" role=\"button\" rel=\"noopener nofollow\" class=\"shariff-link\" style=\";border-radius:20%; background-color:#126567; color:#fff\" target=\"_blank\"><span class=\"shariff-icon\" style=\"\"><svg width=\"32px\" height=\"20px\" xmlns=\"http:\/\/www.w3.org\/2000\/svg\" viewBox=\"0 0 25 32\"><path fill=\"#126567\" d=\"M10.7 11.9q-0.2 0.3-4.6 8.2-0.5 0.8-1.2 0.8h-4.3q-0.4 0-0.5-0.3t0-0.6l4.5-8q0 0 0 0l-2.9-5q-0.2-0.4 0-0.7 0.2-0.3 0.5-0.3h4.3q0.7 0 1.2 0.8zM25.1 0.4q0.2 0.3 0 0.7l-9.4 16.7 6 11q0.2 0.4 0 0.6-0.2 0.3-0.6 0.3h-4.3q-0.7 0-1.2-0.8l-6-11.1q0.3-0.6 9.5-16.8 0.4-0.8 1.2-0.8h4.3q0.4 0 0.5 0.3z\"\/><\/svg><\/span><\/a><\/li><li class=\"shariff-button facebook shariff-nocustomcolor\" style=\"background-color:#4273c8;border-radius:20%\"><a href=\"https:\/\/www.facebook.com\/sharer\/sharer.php?u=https%3A%2F%2Fwww.ibi-systems.de%2Fde%2F2023%2F11%2Fanwendertag-2023%2F\" title=\"Bei Facebook teilen\" aria-label=\"Bei Facebook teilen\" role=\"button\" rel=\"nofollow\" class=\"shariff-link\" style=\";border-radius:20%; background-color:#3b5998; color:#fff\" target=\"_blank\"><span class=\"shariff-icon\" style=\"\"><svg width=\"32px\" height=\"20px\" xmlns=\"http:\/\/www.w3.org\/2000\/svg\" viewBox=\"0 0 18 32\"><path fill=\"#3b5998\" d=\"M17.1 0.2v4.7h-2.8q-1.5 0-2.1 0.6t-0.5 1.9v3.4h5.2l-0.7 5.3h-4.5v13.6h-5.5v-13.6h-4.5v-5.3h4.5v-3.9q0-3.3 1.9-5.2t5-1.8q2.6 0 4.1 0.2z\"\/><\/svg><\/span><\/a><\/li><li class=\"shariff-button twitter shariff-nocustomcolor\" style=\"background-color:#595959;border-radius:20%\"><a href=\"https:\/\/twitter.com\/share?url=https%3A%2F%2Fwww.ibi-systems.de%2Fde%2F2023%2F11%2Fanwendertag-2023%2F&text=Anwendertag%202023\" title=\"Bei X teilen\" aria-label=\"Bei X teilen\" role=\"button\" rel=\"noopener nofollow\" class=\"shariff-link\" style=\";border-radius:20%; background-color:#000; color:#fff\" target=\"_blank\"><span class=\"shariff-icon\" style=\"\"><svg width=\"32px\" height=\"20px\" xmlns=\"http:\/\/www.w3.org\/2000\/svg\" viewBox=\"0 0 24 24\"><path fill=\"#000\" d=\"M14.258 10.152L23.176 0h-2.113l-7.747 8.813L7.133 0H0l9.352 13.328L0 23.973h2.113l8.176-9.309 6.531 9.309h7.133zm-2.895 3.293l-.949-1.328L2.875 1.56h3.246l6.086 8.523.945 1.328 7.91 11.078h-3.246zm0 0\"\/><\/svg><\/span><\/a><\/li><\/ul><\/div>","protected":false},"excerpt":{"rendered":"<p>Am 19. Oktober 2023 trafen wir uns mit unseren Kunden und Partnern endlich wieder vor Ort bei uns in Regensburg zum ibi systems iris Anwendertag. Der perfekte Auftakt f\u00fcr das Event fand bereits am Vorabend mit einem gem\u00fctlichen Meet and Grill in unserem neuen B\u00fcrogeb\u00e4ude statt. Tags darauf folgten eine interessante Keynote sowie spannende Kunden- [&hellip;]<\/p>\n","protected":false},"author":2,"featured_media":16651,"comment_status":"closed","ping_status":"open","sticky":false,"template":"","format":"standard","meta":{"footnotes":""},"categories":[12],"tags":[],"class_list":["post-13689","post","type-post","status-publish","format-standard","has-post-thumbnail","hentry","category-veranstaltungen"],"yoast_head":"<!-- This site is optimized with the Yoast SEO Premium plugin v26.9 (Yoast SEO v27.5) - https:\/\/yoast.com\/product\/yoast-seo-premium-wordpress\/ -->\n<title>Anwendertag 2023 - ibi systems GmbH<\/title>\n<meta name=\"description\" content=\"Am 19. Oktober 2023 trafen wir uns mit unseren Kunden und Partnern endlich wieder vor Ort bei uns in Regensburg zum ibi systems iris Anwendertag.\" \/>\n<meta name=\"robots\" content=\"index, follow, max-snippet:-1, max-image-preview:large, max-video-preview:-1\" \/>\n<link rel=\"canonical\" href=\"https:\/\/www.ibi-systems.de\/de\/2023\/11\/anwendertag-2023\/\" \/>\n<meta property=\"og:locale\" content=\"de_DE\" \/>\n<meta property=\"og:type\" content=\"article\" \/>\n<meta property=\"og:title\" content=\"Anwendertag 2023\" \/>\n<meta property=\"og:description\" content=\"Am 19. Oktober 2023 trafen wir uns mit unseren Kunden und Partnern endlich wieder vor Ort bei uns in Regensburg zum ibi systems iris Anwendertag.\" \/>\n<meta property=\"og:url\" content=\"https:\/\/www.ibi-systems.de\/de\/2023\/11\/anwendertag-2023\/\" \/>\n<meta property=\"og:site_name\" content=\"ibi systems GmbH\" \/>\n<meta property=\"article:publisher\" content=\"https:\/\/www.facebook.com\/ibisystems\/\" \/>\n<meta property=\"article:published_time\" content=\"2023-11-07T12:48:12+00:00\" \/>\n<meta property=\"article:modified_time\" content=\"2026-04-07T07:30:08+00:00\" \/>\n<meta property=\"og:image\" content=\"https:\/\/www.ibi-systems.de\/wp-content\/uploads\/2023\/11\/News_-Anwendertag-2023-1030x521.png\" \/>\n\t<meta property=\"og:image:width\" content=\"1030\" \/>\n\t<meta property=\"og:image:height\" content=\"521\" \/>\n\t<meta property=\"og:image:type\" content=\"image\/png\" \/>\n<meta name=\"author\" content=\"Teresa Geiger\" \/>\n<meta name=\"twitter:card\" content=\"summary_large_image\" \/>\n<meta name=\"twitter:creator\" content=\"@ibi_systems\" \/>\n<meta name=\"twitter:site\" content=\"@ibi_systems\" \/>\n<meta name=\"twitter:label1\" content=\"Verfasst von\" \/>\n\t<meta name=\"twitter:data1\" content=\"Teresa Geiger\" \/>\n\t<meta name=\"twitter:label2\" content=\"Gesch\u00e4tzte Lesezeit\" \/>\n\t<meta name=\"twitter:data2\" content=\"4\u00a0Minuten\" \/>\n<script type=\"application\/ld+json\" class=\"yoast-schema-graph\">{\"@context\":\"https:\\\/\\\/schema.org\",\"@graph\":[{\"@type\":\"Article\",\"@id\":\"https:\\\/\\\/www.ibi-systems.de\\\/de\\\/2023\\\/11\\\/anwendertag-2023\\\/#article\",\"isPartOf\":{\"@id\":\"https:\\\/\\\/www.ibi-systems.de\\\/de\\\/2023\\\/11\\\/anwendertag-2023\\\/\"},\"author\":{\"name\":\"Teresa Geiger\",\"@id\":\"https:\\\/\\\/www.ibi-systems.de\\\/de\\\/#\\\/schema\\\/person\\\/b20db905ae0c6bfb278b2278ed327691\"},\"headline\":\"Anwendertag 2023\",\"datePublished\":\"2023-11-07T12:48:12+00:00\",\"dateModified\":\"2026-04-07T07:30:08+00:00\",\"mainEntityOfPage\":{\"@id\":\"https:\\\/\\\/www.ibi-systems.de\\\/de\\\/2023\\\/11\\\/anwendertag-2023\\\/\"},\"wordCount\":656,\"image\":{\"@id\":\"https:\\\/\\\/www.ibi-systems.de\\\/de\\\/2023\\\/11\\\/anwendertag-2023\\\/#primaryimage\"},\"thumbnailUrl\":\"https:\\\/\\\/www.ibi-systems.de\\\/wp-content\\\/uploads\\\/2023\\\/11\\\/News_-Anwendertag-2023-scaled.png\",\"articleSection\":[\"Veranstaltungen\"],\"inLanguage\":\"de\"},{\"@type\":\"WebPage\",\"@id\":\"https:\\\/\\\/www.ibi-systems.de\\\/de\\\/2023\\\/11\\\/anwendertag-2023\\\/\",\"url\":\"https:\\\/\\\/www.ibi-systems.de\\\/de\\\/2023\\\/11\\\/anwendertag-2023\\\/\",\"name\":\"Anwendertag 2023 - ibi systems GmbH\",\"isPartOf\":{\"@id\":\"https:\\\/\\\/www.ibi-systems.de\\\/de\\\/#website\"},\"primaryImageOfPage\":{\"@id\":\"https:\\\/\\\/www.ibi-systems.de\\\/de\\\/2023\\\/11\\\/anwendertag-2023\\\/#primaryimage\"},\"image\":{\"@id\":\"https:\\\/\\\/www.ibi-systems.de\\\/de\\\/2023\\\/11\\\/anwendertag-2023\\\/#primaryimage\"},\"thumbnailUrl\":\"https:\\\/\\\/www.ibi-systems.de\\\/wp-content\\\/uploads\\\/2023\\\/11\\\/News_-Anwendertag-2023-scaled.png\",\"datePublished\":\"2023-11-07T12:48:12+00:00\",\"dateModified\":\"2026-04-07T07:30:08+00:00\",\"author\":{\"@id\":\"https:\\\/\\\/www.ibi-systems.de\\\/de\\\/#\\\/schema\\\/person\\\/b20db905ae0c6bfb278b2278ed327691\"},\"description\":\"Am 19. Oktober 2023 trafen wir uns mit unseren Kunden und Partnern endlich wieder vor Ort bei uns in Regensburg zum ibi systems iris Anwendertag.\",\"breadcrumb\":{\"@id\":\"https:\\\/\\\/www.ibi-systems.de\\\/de\\\/2023\\\/11\\\/anwendertag-2023\\\/#breadcrumb\"},\"inLanguage\":\"de\",\"potentialAction\":[{\"@type\":\"ReadAction\",\"target\":[\"https:\\\/\\\/www.ibi-systems.de\\\/de\\\/2023\\\/11\\\/anwendertag-2023\\\/\"]}]},{\"@type\":\"ImageObject\",\"inLanguage\":\"de\",\"@id\":\"https:\\\/\\\/www.ibi-systems.de\\\/de\\\/2023\\\/11\\\/anwendertag-2023\\\/#primaryimage\",\"url\":\"https:\\\/\\\/www.ibi-systems.de\\\/wp-content\\\/uploads\\\/2023\\\/11\\\/News_-Anwendertag-2023-scaled.png\",\"contentUrl\":\"https:\\\/\\\/www.ibi-systems.de\\\/wp-content\\\/uploads\\\/2023\\\/11\\\/News_-Anwendertag-2023-scaled.png\",\"width\":2560,\"height\":1295},{\"@type\":\"BreadcrumbList\",\"@id\":\"https:\\\/\\\/www.ibi-systems.de\\\/de\\\/2023\\\/11\\\/anwendertag-2023\\\/#breadcrumb\",\"itemListElement\":[{\"@type\":\"ListItem\",\"position\":1,\"name\":\"Startseite\",\"item\":\"https:\\\/\\\/www.ibi-systems.de\\\/de\\\/home-2\\\/\"},{\"@type\":\"ListItem\",\"position\":2,\"name\":\"Anwendertag 2023\"}]},{\"@type\":\"WebSite\",\"@id\":\"https:\\\/\\\/www.ibi-systems.de\\\/de\\\/#website\",\"url\":\"https:\\\/\\\/www.ibi-systems.de\\\/de\\\/\",\"name\":\"ibi systems GmbH\",\"description\":\"ISMS, GRC, RegTech und InsurTech - Software und Beratung\",\"potentialAction\":[{\"@type\":\"SearchAction\",\"target\":{\"@type\":\"EntryPoint\",\"urlTemplate\":\"https:\\\/\\\/www.ibi-systems.de\\\/de\\\/?s={search_term_string}\"},\"query-input\":{\"@type\":\"PropertyValueSpecification\",\"valueRequired\":true,\"valueName\":\"search_term_string\"}}],\"inLanguage\":\"de\"},{\"@type\":\"Person\",\"@id\":\"https:\\\/\\\/www.ibi-systems.de\\\/de\\\/#\\\/schema\\\/person\\\/b20db905ae0c6bfb278b2278ed327691\",\"name\":\"Teresa Geiger\",\"image\":{\"@type\":\"ImageObject\",\"inLanguage\":\"de\",\"@id\":\"https:\\\/\\\/secure.gravatar.com\\\/avatar\\\/fa2cc53a7254c3232b9299de630b6ee4e179850b50c37f1b76ba3481aef8b872?s=96&d=retro&r=g\",\"url\":\"https:\\\/\\\/secure.gravatar.com\\\/avatar\\\/fa2cc53a7254c3232b9299de630b6ee4e179850b50c37f1b76ba3481aef8b872?s=96&d=retro&r=g\",\"contentUrl\":\"https:\\\/\\\/secure.gravatar.com\\\/avatar\\\/fa2cc53a7254c3232b9299de630b6ee4e179850b50c37f1b76ba3481aef8b872?s=96&d=retro&r=g\",\"caption\":\"Teresa Geiger\"}}]}<\/script>\n<!-- \/ Yoast SEO Premium plugin. -->","yoast_head_json":{"title":"Anwendertag 2023 - ibi systems GmbH","description":"Am 19. Oktober 2023 trafen wir uns mit unseren Kunden und Partnern endlich wieder vor Ort bei uns in Regensburg zum ibi systems iris Anwendertag.","robots":{"index":"index","follow":"follow","max-snippet":"max-snippet:-1","max-image-preview":"max-image-preview:large","max-video-preview":"max-video-preview:-1"},"canonical":"https:\/\/www.ibi-systems.de\/de\/2023\/11\/anwendertag-2023\/","og_locale":"de_DE","og_type":"article","og_title":"Anwendertag 2023","og_description":"Am 19. Oktober 2023 trafen wir uns mit unseren Kunden und Partnern endlich wieder vor Ort bei uns in Regensburg zum ibi systems iris Anwendertag.","og_url":"https:\/\/www.ibi-systems.de\/de\/2023\/11\/anwendertag-2023\/","og_site_name":"ibi systems GmbH","article_publisher":"https:\/\/www.facebook.com\/ibisystems\/","article_published_time":"2023-11-07T12:48:12+00:00","article_modified_time":"2026-04-07T07:30:08+00:00","og_image":[{"width":1030,"height":521,"url":"https:\/\/www.ibi-systems.de\/wp-content\/uploads\/2023\/11\/News_-Anwendertag-2023-1030x521.png","type":"image\/png"}],"author":"Teresa Geiger","twitter_card":"summary_large_image","twitter_creator":"@ibi_systems","twitter_site":"@ibi_systems","twitter_misc":{"Verfasst von":"Teresa Geiger","Gesch\u00e4tzte Lesezeit":"4\u00a0Minuten"},"schema":{"@context":"https:\/\/schema.org","@graph":[{"@type":"Article","@id":"https:\/\/www.ibi-systems.de\/de\/2023\/11\/anwendertag-2023\/#article","isPartOf":{"@id":"https:\/\/www.ibi-systems.de\/de\/2023\/11\/anwendertag-2023\/"},"author":{"name":"Teresa Geiger","@id":"https:\/\/www.ibi-systems.de\/de\/#\/schema\/person\/b20db905ae0c6bfb278b2278ed327691"},"headline":"Anwendertag 2023","datePublished":"2023-11-07T12:48:12+00:00","dateModified":"2026-04-07T07:30:08+00:00","mainEntityOfPage":{"@id":"https:\/\/www.ibi-systems.de\/de\/2023\/11\/anwendertag-2023\/"},"wordCount":656,"image":{"@id":"https:\/\/www.ibi-systems.de\/de\/2023\/11\/anwendertag-2023\/#primaryimage"},"thumbnailUrl":"https:\/\/www.ibi-systems.de\/wp-content\/uploads\/2023\/11\/News_-Anwendertag-2023-scaled.png","articleSection":["Veranstaltungen"],"inLanguage":"de"},{"@type":"WebPage","@id":"https:\/\/www.ibi-systems.de\/de\/2023\/11\/anwendertag-2023\/","url":"https:\/\/www.ibi-systems.de\/de\/2023\/11\/anwendertag-2023\/","name":"Anwendertag 2023 - ibi systems GmbH","isPartOf":{"@id":"https:\/\/www.ibi-systems.de\/de\/#website"},"primaryImageOfPage":{"@id":"https:\/\/www.ibi-systems.de\/de\/2023\/11\/anwendertag-2023\/#primaryimage"},"image":{"@id":"https:\/\/www.ibi-systems.de\/de\/2023\/11\/anwendertag-2023\/#primaryimage"},"thumbnailUrl":"https:\/\/www.ibi-systems.de\/wp-content\/uploads\/2023\/11\/News_-Anwendertag-2023-scaled.png","datePublished":"2023-11-07T12:48:12+00:00","dateModified":"2026-04-07T07:30:08+00:00","author":{"@id":"https:\/\/www.ibi-systems.de\/de\/#\/schema\/person\/b20db905ae0c6bfb278b2278ed327691"},"description":"Am 19. Oktober 2023 trafen wir uns mit unseren Kunden und Partnern endlich wieder vor Ort bei uns in Regensburg zum ibi systems iris Anwendertag.","breadcrumb":{"@id":"https:\/\/www.ibi-systems.de\/de\/2023\/11\/anwendertag-2023\/#breadcrumb"},"inLanguage":"de","potentialAction":[{"@type":"ReadAction","target":["https:\/\/www.ibi-systems.de\/de\/2023\/11\/anwendertag-2023\/"]}]},{"@type":"ImageObject","inLanguage":"de","@id":"https:\/\/www.ibi-systems.de\/de\/2023\/11\/anwendertag-2023\/#primaryimage","url":"https:\/\/www.ibi-systems.de\/wp-content\/uploads\/2023\/11\/News_-Anwendertag-2023-scaled.png","contentUrl":"https:\/\/www.ibi-systems.de\/wp-content\/uploads\/2023\/11\/News_-Anwendertag-2023-scaled.png","width":2560,"height":1295},{"@type":"BreadcrumbList","@id":"https:\/\/www.ibi-systems.de\/de\/2023\/11\/anwendertag-2023\/#breadcrumb","itemListElement":[{"@type":"ListItem","position":1,"name":"Startseite","item":"https:\/\/www.ibi-systems.de\/de\/home-2\/"},{"@type":"ListItem","position":2,"name":"Anwendertag 2023"}]},{"@type":"WebSite","@id":"https:\/\/www.ibi-systems.de\/de\/#website","url":"https:\/\/www.ibi-systems.de\/de\/","name":"ibi systems GmbH","description":"ISMS, GRC, RegTech und InsurTech - Software und Beratung","potentialAction":[{"@type":"SearchAction","target":{"@type":"EntryPoint","urlTemplate":"https:\/\/www.ibi-systems.de\/de\/?s={search_term_string}"},"query-input":{"@type":"PropertyValueSpecification","valueRequired":true,"valueName":"search_term_string"}}],"inLanguage":"de"},{"@type":"Person","@id":"https:\/\/www.ibi-systems.de\/de\/#\/schema\/person\/b20db905ae0c6bfb278b2278ed327691","name":"Teresa Geiger","image":{"@type":"ImageObject","inLanguage":"de","@id":"https:\/\/secure.gravatar.com\/avatar\/fa2cc53a7254c3232b9299de630b6ee4e179850b50c37f1b76ba3481aef8b872?s=96&d=retro&r=g","url":"https:\/\/secure.gravatar.com\/avatar\/fa2cc53a7254c3232b9299de630b6ee4e179850b50c37f1b76ba3481aef8b872?s=96&d=retro&r=g","contentUrl":"https:\/\/secure.gravatar.com\/avatar\/fa2cc53a7254c3232b9299de630b6ee4e179850b50c37f1b76ba3481aef8b872?s=96&d=retro&r=g","caption":"Teresa Geiger"}}]}},"_links":{"self":[{"href":"https:\/\/www.ibi-systems.de\/de\/wp-json\/wp\/v2\/posts\/13689","targetHints":{"allow":["GET"]}}],"collection":[{"href":"https:\/\/www.ibi-systems.de\/de\/wp-json\/wp\/v2\/posts"}],"about":[{"href":"https:\/\/www.ibi-systems.de\/de\/wp-json\/wp\/v2\/types\/post"}],"author":[{"embeddable":true,"href":"https:\/\/www.ibi-systems.de\/de\/wp-json\/wp\/v2\/users\/2"}],"replies":[{"embeddable":true,"href":"https:\/\/www.ibi-systems.de\/de\/wp-json\/wp\/v2\/comments?post=13689"}],"version-history":[{"count":2,"href":"https:\/\/www.ibi-systems.de\/de\/wp-json\/wp\/v2\/posts\/13689\/revisions"}],"predecessor-version":[{"id":17247,"href":"https:\/\/www.ibi-systems.de\/de\/wp-json\/wp\/v2\/posts\/13689\/revisions\/17247"}],"wp:featuredmedia":[{"embeddable":true,"href":"https:\/\/www.ibi-systems.de\/de\/wp-json\/wp\/v2\/media\/16651"}],"wp:attachment":[{"href":"https:\/\/www.ibi-systems.de\/de\/wp-json\/wp\/v2\/media?parent=13689"}],"wp:term":[{"taxonomy":"category","embeddable":true,"href":"https:\/\/www.ibi-systems.de\/de\/wp-json\/wp\/v2\/categories?post=13689"},{"taxonomy":"post_tag","embeddable":true,"href":"https:\/\/www.ibi-systems.de\/de\/wp-json\/wp\/v2\/tags?post=13689"}],"curies":[{"name":"wp","href":"https:\/\/api.w.org\/{rel}","templated":true}]}}